[{"@context":"https:\/\/schema.org\/","@type":"Article","@id":"https:\/\/www.tlor.cz\/bez-flory-to-nema-smysl\/#Article","mainEntityOfPage":"https:\/\/www.tlor.cz\/bez-flory-to-nema-smysl\/","headline":"Bez flory to nem\u00e1 smysl","name":"Bez flory to nem\u00e1 smysl","description":"Ur\u010dit\u011b byste se necht\u011bli v\u00a0\u017e\u00e1dn\u00e9m prost\u0159ed\u00ed c\u00edtit nep\u0159\u00edjemn\u011b. \u010clov\u011bk esteti\u010dno vn\u00edm\u00e1, a\u010dkoliv si to n\u011bkdy nep\u0159ipou\u0161t\u00ed. Jen si vzpome\u0148te na n\u011bkter\u00e1 m\u00edsta, kam jste kdy ve\u0161li, a nebylo to ono. N\u011bco Va\u0161i p\u0159\u00edtomnost \u010dinilo nep\u0159\u00edjemn\u00fdm. I kdy\u017e jste se rozhl\u00e9dli po m\u00edstnosti, nebo vstupn\u00ed hale, kde bylo v\u0161e za\u0159\u00edzen\u00e9 podle &hellip; ","datePublished":"2024-11-24","dateModified":"2024-11-24","author":{"@type":"Person","@id":"https:\/\/www.tlor.cz\/author\/#Person","name":"tlor.cz\n","url":"https:\/\/www.tlor.cz\/author\/","identifier":1,"image":{"@type":"ImageObject","@id":"https:\/\/secure.gravatar.com\/avatar\/9bd672608a9ea50cfcb35956b7f63dacf48dece49eb907e6bdd72bedd9991f24?s=96&d=mm&r=g","url":"https:\/\/secure.gravatar.com\/avatar\/9bd672608a9ea50cfcb35956b7f63dacf48dece49eb907e6bdd72bedd9991f24?s=96&d=mm&r=g","height":96,"width":96}},"publisher":{"@type":"Organization","name":"tlor.cz","logo":{"@type":"ImageObject","@id":"\/logo.png","url":"\/logo.png","width":600,"height":60}},"url":"https:\/\/www.tlor.cz\/bez-flory-to-nema-smysl\/","wordCount":242,"articleBody":"\tUr\u010dit\u011b byste se necht\u011bli v\u00a0\u017e\u00e1dn\u00e9m prost\u0159ed\u00ed c\u00edtit nep\u0159\u00edjemn\u011b. \u010clov\u011bk esteti\u010dno vn\u00edm\u00e1, a\u010dkoliv si to n\u011bkdy nep\u0159ipou\u0161t\u00ed. Jen si vzpome\u0148te na n\u011bkter\u00e1 m\u00edsta, kam jste kdy ve\u0161li, a nebylo to ono. N\u011bco Va\u0161i p\u0159\u00edtomnost \u010dinilo nep\u0159\u00edjemn\u00fdm. I kdy\u017e jste se rozhl\u00e9dli po m\u00edstnosti, nebo vstupn\u00ed hale, kde bylo v\u0161e za\u0159\u00edzen\u00e9 podle nejnov\u011bj\u0161\u00edch trend\u016f. I \u010disto nechyb\u011blo. A p\u0159esto jste se nec\u00edtili zcela ve sv\u00e9 k\u016f\u017ei. A nervozita to rozhodn\u011b nebyla. V\u00edte, o co \u0161lo? Chyb\u011bla tam flora. Kv\u011btiny. Zelen\u00e1 p\u0159\u00edroda. To je to, co zp\u016fsobuje dokonale p\u0159\u00edjemn\u00fd pocit u \u010dlov\u011bka.\tDopl\u0148te chyb\u011bj\u00edc\u00ed \u010dl\u00e1nekA\u010dkoliv se to nezd\u00e1, flora je p\u0159irozen\u00fdm dopl\u0148kem ka\u017ed\u00e9ho interi\u00e9ru. Ov\u0161em tak\u00e9 z\u00e1le\u017e\u00ed na tom, v\u00a0\u010dem je zelen\u00e1 p\u0159\u00edroda v\u00a0interi\u00e9rech um\u00edst\u011bna. Aby vnikla dokonal\u00e1 symbi\u00f3za prost\u0159ed\u00ed interi\u00e9ru s\u00a0p\u0159\u00edrodou, kterou si v\u00a0podstat\u011b p\u0159inesete zvenku, m\u011bli byste zvolit soustavu kv\u011btin\u00e1\u010d\u016f lechuza tak, aby s\u00a0interi\u00e9rem p\u0159irozen\u011b splynula. To znamen\u00e1 vybrat vhodnou barvu, velikost i tvar. A potom rovn\u011b\u017e uspo\u0159\u00e1d\u00e1n\u00ed. U\u010di\u0148te tedy i Vy takovou malou revizi sv\u00e9ho interi\u00e9ru a dodejte mu p\u0159\u00edjemn\u00fd vzhled.\u00a0                                                                                                                                                                                                                                                                                                                                                                                        4\/5 - (5 votes)        "},{"@context":"https:\/\/schema.org\/","@type":"BreadcrumbList","itemListElement":[{"@type":"ListItem","position":1,"name":"Bez flory to nem\u00e1 smysl","item":"https:\/\/www.tlor.cz\/bez-flory-to-nema-smysl\/#breadcrumbitem"}]}]