{"@context":"https:\/\/schema.org\/","@type":"CollectionPage","@id":"https:\/\/www.tlor.cz\/deti\/#CollectionPage","headline":"D\u011bti Category","description":"","url":"https:\/\/www.tlor.cz\/deti\/","hasPart":[{"@type":"Article","@id":"https:\/\/www.tlor.cz\/hyperaktivni-zlobive-a-volnomyslenkarske-deti-21-stoleti\/","headline":"Hyperaktivn\u00ed, zlobiv\u00e9 a volnomy\u0161lenk\u00e1\u0159sk\u00e9 d\u011bti 21. stolet\u00ed","url":"https:\/\/www.tlor.cz\/hyperaktivni-zlobive-a-volnomyslenkarske-deti-21-stoleti\/","datePublished":"2025-02-28","dateModified":"2023-05-04","mainEntityOfPage":"https:\/\/www.tlor.cz\/hyperaktivni-zlobive-a-volnomyslenkarske-deti-21-stoleti\/","author":{"@type":"Person","@id":"https:\/\/www.tlor.cz\/author\/#Person","name":"tlor.cz\n","url":"https:\/\/www.tlor.cz\/author\/","identifier":1,"image":{"@type":"ImageObject","@id":"https:\/\/secure.gravatar.com\/avatar\/9bd672608a9ea50cfcb35956b7f63dacf48dece49eb907e6bdd72bedd9991f24?s=96&d=mm&r=g","url":"https:\/\/secure.gravatar.com\/avatar\/9bd672608a9ea50cfcb35956b7f63dacf48dece49eb907e6bdd72bedd9991f24?s=96&d=mm&r=g","height":96,"width":96}},"publisher":{"@type":"Organization","name":"tlor.cz","logo":{"@type":"ImageObject","@id":"\/logo.png","url":"\/logo.png","width":600,"height":60}},"image":{"@type":"ImageObject","@id":"https:\/\/www.tlor.cz\/wp-content\/uploads\/img_a327388_w2197_t1539682514.jpg","url":"https:\/\/www.tlor.cz\/wp-content\/uploads\/img_a327388_w2197_t1539682514.jpg","height":0,"width":0},"keywords":null},{"@type":"Article","@id":"https:\/\/www.tlor.cz\/je-vhodne-poridit-diteti-domaciho-mazlicka-jakeho-zvolit\/","headline":"Je vhodn\u00e9 po\u0159\u00eddit d\u00edt\u011bti dom\u00e1c\u00edho mazl\u00ed\u010dka? Jak\u00e9ho zvolit?","url":"https:\/\/www.tlor.cz\/je-vhodne-poridit-diteti-domaciho-mazlicka-jakeho-zvolit\/","datePublished":"2023-05-04","dateModified":"2023-05-04","mainEntityOfPage":"https:\/\/www.tlor.cz\/je-vhodne-poridit-diteti-domaciho-mazlicka-jakeho-zvolit\/","author":{"@type":"Person","@id":"https:\/\/www.tlor.cz\/author\/#Person","name":"tlor.cz\n","url":"https:\/\/www.tlor.cz\/author\/","identifier":1,"image":{"@type":"ImageObject","@id":"https:\/\/secure.gravatar.com\/avatar\/9bd672608a9ea50cfcb35956b7f63dacf48dece49eb907e6bdd72bedd9991f24?s=96&d=mm&r=g","url":"https:\/\/secure.gravatar.com\/avatar\/9bd672608a9ea50cfcb35956b7f63dacf48dece49eb907e6bdd72bedd9991f24?s=96&d=mm&r=g","height":96,"width":96}},"publisher":{"@type":"Organization","name":"tlor.cz","logo":{"@type":"ImageObject","@id":"\/logo.png","url":"\/logo.png","width":600,"height":60}},"image":null,"keywords":null},{"@type":"Article","@id":"https:\/\/www.tlor.cz\/kdyz-ma-jit-dite-spat\/","headline":"Kdy\u017e m\u00e1 j\u00edt d\u00edt\u011b sp\u00e1t&#8230;","url":"https:\/\/www.tlor.cz\/kdyz-ma-jit-dite-spat\/","datePublished":"2022-10-07","dateModified":"2023-05-04","mainEntityOfPage":"https:\/\/www.tlor.cz\/kdyz-ma-jit-dite-spat\/","author":{"@type":"Person","@id":"https:\/\/www.tlor.cz\/author\/#Person","name":"tlor.cz\n","url":"https:\/\/www.tlor.cz\/author\/","identifier":1,"image":{"@type":"ImageObject","@id":"https:\/\/secure.gravatar.com\/avatar\/9bd672608a9ea50cfcb35956b7f63dacf48dece49eb907e6bdd72bedd9991f24?s=96&d=mm&r=g","url":"https:\/\/secure.gravatar.com\/avatar\/9bd672608a9ea50cfcb35956b7f63dacf48dece49eb907e6bdd72bedd9991f24?s=96&d=mm&r=g","height":96,"width":96}},"publisher":{"@type":"Organization","name":"tlor.cz","logo":{"@type":"ImageObject","@id":"\/logo.png","url":"\/logo.png","width":600,"height":60}},"image":{"@type":"ImageObject","@id":"https:\/\/www.tlor.cz\/wp-content\/uploads\/span.JPG","url":"https:\/\/www.tlor.cz\/wp-content\/uploads\/span.JPG","height":0,"width":0},"keywords":null},{"@type":"Article","@id":"https:\/\/www.tlor.cz\/deti-a-jejich-prvni-skolni-den\/","headline":"D\u011bti a jejich prvn\u00ed \u0161koln\u00ed den","url":"https:\/\/www.tlor.cz\/deti-a-jejich-prvni-skolni-den\/","datePublished":"2021-09-14","dateModified":"2023-05-04","mainEntityOfPage":"https:\/\/www.tlor.cz\/deti-a-jejich-prvni-skolni-den\/","author":{"@type":"Person","@id":"https:\/\/www.tlor.cz\/author\/#Person","name":"tlor.cz\n","url":"https:\/\/www.tlor.cz\/author\/","identifier":1,"image":{"@type":"ImageObject","@id":"https:\/\/secure.gravatar.com\/avatar\/9bd672608a9ea50cfcb35956b7f63dacf48dece49eb907e6bdd72bedd9991f24?s=96&d=mm&r=g","url":"https:\/\/secure.gravatar.com\/avatar\/9bd672608a9ea50cfcb35956b7f63dacf48dece49eb907e6bdd72bedd9991f24?s=96&d=mm&r=g","height":96,"width":96}},"publisher":{"@type":"Organization","name":"tlor.cz","logo":{"@type":"ImageObject","@id":"\/logo.png","url":"\/logo.png","width":600,"height":60}},"image":{"@type":"ImageObject","@id":"https:\/\/www.tlor.cz\/wp-content\/uploads\/holka.JPG","url":"https:\/\/www.tlor.cz\/wp-content\/uploads\/holka.JPG","height":0,"width":0},"keywords":null}]}