{"@context":"https:\/\/schema.org\/","@type":"CollectionPage","@id":"https:\/\/www.tlor.cz\/elektro\/#CollectionPage","headline":"Elektro Category","description":"","url":"https:\/\/www.tlor.cz\/elektro\/","hasPart":[{"@type":"Article","@id":"https:\/\/www.tlor.cz\/indukcni-varne-desky\/","headline":"Induk\u010dn\u00ed varn\u00e9 desky","url":"https:\/\/www.tlor.cz\/indukcni-varne-desky\/","datePublished":"2025-03-06","dateModified":"2023-05-04","mainEntityOfPage":"https:\/\/www.tlor.cz\/indukcni-varne-desky\/","author":{"@type":"Person","@id":"https:\/\/www.tlor.cz\/author\/#Person","name":"tlor.cz\n","url":"https:\/\/www.tlor.cz\/author\/","identifier":1,"image":{"@type":"ImageObject","@id":"https:\/\/secure.gravatar.com\/avatar\/9bd672608a9ea50cfcb35956b7f63dacf48dece49eb907e6bdd72bedd9991f24?s=96&d=mm&r=g","url":"https:\/\/secure.gravatar.com\/avatar\/9bd672608a9ea50cfcb35956b7f63dacf48dece49eb907e6bdd72bedd9991f24?s=96&d=mm&r=g","height":96,"width":96}},"publisher":{"@type":"Organization","name":"tlor.cz","logo":{"@type":"ImageObject","@id":"\/logo.png","url":"\/logo.png","width":600,"height":60}},"image":{"@type":"ImageObject","@id":"https:\/\/www.tlor.cz\/wp-content\/uploads\/img_a304489_w2197_t1515571098.jpg","url":"https:\/\/www.tlor.cz\/wp-content\/uploads\/img_a304489_w2197_t1515571098.jpg","height":0,"width":0},"keywords":null},{"@type":"Article","@id":"https:\/\/www.tlor.cz\/blesky-pritahuji-nejen-mista-ale-i-nekteri-lide\/","headline":"Blesky p\u0159itahuj\u00ed nejen m\u00edsta, ale i n\u011bkte\u0159\u00ed lid\u00e9","url":"https:\/\/www.tlor.cz\/blesky-pritahuji-nejen-mista-ale-i-nekteri-lide\/","datePublished":"2025-03-05","dateModified":"2023-05-04","mainEntityOfPage":"https:\/\/www.tlor.cz\/blesky-pritahuji-nejen-mista-ale-i-nekteri-lide\/","author":{"@type":"Person","@id":"https:\/\/www.tlor.cz\/author\/#Person","name":"tlor.cz\n","url":"https:\/\/www.tlor.cz\/author\/","identifier":1,"image":{"@type":"ImageObject","@id":"https:\/\/secure.gravatar.com\/avatar\/9bd672608a9ea50cfcb35956b7f63dacf48dece49eb907e6bdd72bedd9991f24?s=96&d=mm&r=g","url":"https:\/\/secure.gravatar.com\/avatar\/9bd672608a9ea50cfcb35956b7f63dacf48dece49eb907e6bdd72bedd9991f24?s=96&d=mm&r=g","height":96,"width":96}},"publisher":{"@type":"Organization","name":"tlor.cz","logo":{"@type":"ImageObject","@id":"\/logo.png","url":"\/logo.png","width":600,"height":60}},"image":{"@type":"ImageObject","@id":"https:\/\/www.tlor.cz\/wp-content\/uploads\/img_a297530_w2197_t1507973008.jpg","url":"https:\/\/www.tlor.cz\/wp-content\/uploads\/img_a297530_w2197_t1507973008.jpg","height":0,"width":0},"keywords":null},{"@type":"Article","@id":"https:\/\/www.tlor.cz\/zmahaji-vas-letni-vedra-a-nemate-moznost-byt-v-klimatizovanem-prostredi-co-s-tim\/","headline":"Zm\u00e1haj\u00ed V\u00e1s letn\u00ed vedra a nem\u00e1te mo\u017enost b\u00fdt v klimatizovan\u00e9m prost\u0159ed\u00ed? Co s t\u00edm?","url":"https:\/\/www.tlor.cz\/zmahaji-vas-letni-vedra-a-nemate-moznost-byt-v-klimatizovanem-prostredi-co-s-tim\/","datePublished":"2025-03-01","dateModified":"2023-05-04","mainEntityOfPage":"https:\/\/www.tlor.cz\/zmahaji-vas-letni-vedra-a-nemate-moznost-byt-v-klimatizovanem-prostredi-co-s-tim\/","author":{"@type":"Person","@id":"https:\/\/www.tlor.cz\/author\/#Person","name":"tlor.cz\n","url":"https:\/\/www.tlor.cz\/author\/","identifier":1,"image":{"@type":"ImageObject","@id":"https:\/\/secure.gravatar.com\/avatar\/9bd672608a9ea50cfcb35956b7f63dacf48dece49eb907e6bdd72bedd9991f24?s=96&d=mm&r=g","url":"https:\/\/secure.gravatar.com\/avatar\/9bd672608a9ea50cfcb35956b7f63dacf48dece49eb907e6bdd72bedd9991f24?s=96&d=mm&r=g","height":96,"width":96}},"publisher":{"@type":"Organization","name":"tlor.cz","logo":{"@type":"ImageObject","@id":"\/logo.png","url":"\/logo.png","width":600,"height":60}},"image":{"@type":"ImageObject","@id":"https:\/\/www.tlor.cz\/wp-content\/uploads\/img_a306457_w2197_t1517777810.jpg","url":"https:\/\/www.tlor.cz\/wp-content\/uploads\/img_a306457_w2197_t1517777810.jpg","height":0,"width":0},"keywords":null},{"@type":"Article","@id":"https:\/\/www.tlor.cz\/elektro-pomocnici-dam\/","headline":"Elektro pomocn\u00edci dam","url":"https:\/\/www.tlor.cz\/elektro-pomocnici-dam\/","datePublished":"2019-06-12","dateModified":"2023-05-04","mainEntityOfPage":"https:\/\/www.tlor.cz\/elektro-pomocnici-dam\/","author":{"@type":"Person","@id":"https:\/\/www.tlor.cz\/author\/#Person","name":"tlor.cz\n","url":"https:\/\/www.tlor.cz\/author\/","identifier":1,"image":{"@type":"ImageObject","@id":"https:\/\/secure.gravatar.com\/avatar\/9bd672608a9ea50cfcb35956b7f63dacf48dece49eb907e6bdd72bedd9991f24?s=96&d=mm&r=g","url":"https:\/\/secure.gravatar.com\/avatar\/9bd672608a9ea50cfcb35956b7f63dacf48dece49eb907e6bdd72bedd9991f24?s=96&d=mm&r=g","height":96,"width":96}},"publisher":{"@type":"Organization","name":"tlor.cz","logo":{"@type":"ImageObject","@id":"\/logo.png","url":"\/logo.png","width":600,"height":60}},"image":{"@type":"ImageObject","@id":"https:\/\/www.tlor.cz\/wp-content\/uploads\/img_a348456_w2197_t1563132471.jpg","url":"https:\/\/www.tlor.cz\/wp-content\/uploads\/img_a348456_w2197_t1563132471.jpg","height":0,"width":0},"keywords":null},{"@type":"Article","@id":"https:\/\/www.tlor.cz\/bez-proudu-nelze-zit\/","headline":"Bez proudu nelze \u017e\u00edt","url":"https:\/\/www.tlor.cz\/bez-proudu-nelze-zit\/","datePublished":"2018-12-27","dateModified":"2023-05-04","mainEntityOfPage":"https:\/\/www.tlor.cz\/bez-proudu-nelze-zit\/","author":{"@type":"Person","@id":"https:\/\/www.tlor.cz\/author\/#Person","name":"tlor.cz\n","url":"https:\/\/www.tlor.cz\/author\/","identifier":1,"image":{"@type":"ImageObject","@id":"https:\/\/secure.gravatar.com\/avatar\/9bd672608a9ea50cfcb35956b7f63dacf48dece49eb907e6bdd72bedd9991f24?s=96&d=mm&r=g","url":"https:\/\/secure.gravatar.com\/avatar\/9bd672608a9ea50cfcb35956b7f63dacf48dece49eb907e6bdd72bedd9991f24?s=96&d=mm&r=g","height":96,"width":96}},"publisher":{"@type":"Organization","name":"tlor.cz","logo":{"@type":"ImageObject","@id":"\/logo.png","url":"\/logo.png","width":600,"height":60}},"image":{"@type":"ImageObject","@id":"https:\/\/www.tlor.cz\/wp-content\/uploads\/img_a332943_w2197_t1546032510.jpg","url":"https:\/\/www.tlor.cz\/wp-content\/uploads\/img_a332943_w2197_t1546032510.jpg","height":0,"width":0},"keywords":null},{"@type":"Article","@id":"https:\/\/www.tlor.cz\/obratte-se-na-ty-spravne-odborniky\/","headline":"Obra\u0165te se na ty spr\u00e1vn\u00e9 odborn\u00edky","url":"https:\/\/www.tlor.cz\/obratte-se-na-ty-spravne-odborniky\/","datePublished":"2017-05-07","dateModified":"2023-05-04","mainEntityOfPage":"https:\/\/www.tlor.cz\/obratte-se-na-ty-spravne-odborniky\/","author":{"@type":"Person","@id":"https:\/\/www.tlor.cz\/author\/#Person","name":"tlor.cz\n","url":"https:\/\/www.tlor.cz\/author\/","identifier":1,"image":{"@type":"ImageObject","@id":"https:\/\/secure.gravatar.com\/avatar\/9bd672608a9ea50cfcb35956b7f63dacf48dece49eb907e6bdd72bedd9991f24?s=96&d=mm&r=g","url":"https:\/\/secure.gravatar.com\/avatar\/9bd672608a9ea50cfcb35956b7f63dacf48dece49eb907e6bdd72bedd9991f24?s=96&d=mm&r=g","height":96,"width":96}},"publisher":{"@type":"Organization","name":"tlor.cz","logo":{"@type":"ImageObject","@id":"\/logo.png","url":"\/logo.png","width":600,"height":60}},"image":{"@type":"ImageObject","@id":"https:\/\/www.tlor.cz\/wp-content\/uploads\/img_a288665_w2197_t1499593748.jpg","url":"https:\/\/www.tlor.cz\/wp-content\/uploads\/img_a288665_w2197_t1499593748.jpg","height":0,"width":0},"keywords":null}]}