[{"@context":"https:\/\/schema.org\/","@type":"Article","@id":"https:\/\/www.tlor.cz\/kancelarsky-nabytek\/#Article","mainEntityOfPage":"https:\/\/www.tlor.cz\/kancelarsky-nabytek\/","headline":"Kancel\u00e1\u0159sk\u00fd n\u00e1bytek","name":"Kancel\u00e1\u0159sk\u00fd n\u00e1bytek","description":"Vybavujete d\u011btsk\u00fd pokoj\u00ed\u010dek a chcete, aby m\u011bly Va\u0161e d\u011bti to nejlep\u0161\u00ed, co je dne\u0161n\u00ed trh nab\u00edz\u00ed? Chcete ud\u011blat n\u011bco pro jejich zdrav\u00ed a chcete n\u00e1bytek, kter\u00fd vydr\u017e\u00ed dlouh\u00e1 l\u00e9ta a bude dob\u0159e a v\u011brn\u011b slou\u017eit? Zvolte kancel\u00e1\u0159sk\u00fd n\u00e1bytek. Dokonce i n\u011bco takov\u00e9ho se m\u016f\u017ee velice zal\u00edbit d\u011btem a mimo jin\u00e9 &hellip; ","datePublished":"2025-01-04","dateModified":"2025-01-04","author":{"@type":"Person","@id":"https:\/\/www.tlor.cz\/author\/#Person","name":"tlor.cz\n","url":"https:\/\/www.tlor.cz\/author\/","identifier":1,"image":{"@type":"ImageObject","@id":"https:\/\/secure.gravatar.com\/avatar\/9bd672608a9ea50cfcb35956b7f63dacf48dece49eb907e6bdd72bedd9991f24?s=96&d=mm&r=g","url":"https:\/\/secure.gravatar.com\/avatar\/9bd672608a9ea50cfcb35956b7f63dacf48dece49eb907e6bdd72bedd9991f24?s=96&d=mm&r=g","height":96,"width":96}},"publisher":{"@type":"Organization","name":"tlor.cz","logo":{"@type":"ImageObject","@id":"\/logo.png","url":"\/logo.png","width":600,"height":60}},"url":"https:\/\/www.tlor.cz\/kancelarsky-nabytek\/","wordCount":215,"articleBody":"Vybavujete d\u011btsk\u00fd pokoj\u00ed\u010dek a chcete, aby m\u011bly Va\u0161e d\u011bti to nejlep\u0161\u00ed, co je dne\u0161n\u00ed trh nab\u00edz\u00ed? Chcete ud\u011blat n\u011bco pro jejich zdrav\u00ed a chcete n\u00e1bytek, kter\u00fd vydr\u017e\u00ed dlouh\u00e1 l\u00e9ta a bude dob\u0159e a v\u011brn\u011b slou\u017eit? Zvolte kancel\u00e1\u0159sk\u00fd n\u00e1bytek. Dokonce i n\u011bco takov\u00e9ho se m\u016f\u017ee velice zal\u00edbit d\u011btem a mimo jin\u00e9 jim napom\u016f\u017ee p\u0159i u\u010den\u00ed a hran\u00ed. Dop\u0159ejte jim kvalitn\u00ed kancel\u00e1\u0159sk\u00fd n\u00e1bytek a \u00fakoly se budou ps\u00e1t skoro samy! D\u011bti se u toho nebudou hrbit a nebudou si st\u011b\u017eovat, \u017ee se nemohou pln\u011b soust\u0159edit. Je pot\u0159eba myslet na jejich zdrav\u00ed a proto je pro n\u011b pr\u00e1v\u011b tento n\u00e1bytek vhodn\u00fdm. Tak jim po\u0159i\u010fte pr\u00e1v\u011b ten. N\u00e1bytek chce fortel Kancel\u00e1\u0159sk\u00fd n\u00e1bytek je rozr\u016fzn\u011bn podle pot\u0159eb lid\u00ed, kte\u0159\u00ed ho vyu\u017e\u00edvaj\u00ed. P\u0159i v\u00fdb\u011bru z\u00e1le\u017e\u00ed jen na V\u00e1s a Va\u0161ich po\u017eadavc\u00edch. Z\u00e1le\u017e\u00ed, zdali byste do interi\u00e9ru d\u011btsk\u00e9ho pokoje cht\u011bli po\u0159\u00eddit p\u0159\u00edrodn\u00ed materi\u00e1ly. Pokud ano, m\u011bli byste si vybrat d\u0159ev\u011bn\u00fd materi\u00e1l, kter\u00fd je snadno omyvateln\u00fd.                                                                                                                                                                                                                                                                                                                                                                                        5\/5 - (4 votes)        "},{"@context":"https:\/\/schema.org\/","@type":"BreadcrumbList","itemListElement":[{"@type":"ListItem","position":1,"name":"Kancel\u00e1\u0159sk\u00fd n\u00e1bytek","item":"https:\/\/www.tlor.cz\/kancelarsky-nabytek\/#breadcrumbitem"}]}]