[{"@context":"https:\/\/schema.org\/","@type":"Article","@id":"https:\/\/www.tlor.cz\/pro-krasnejsi-domov\/#Article","mainEntityOfPage":"https:\/\/www.tlor.cz\/pro-krasnejsi-domov\/","headline":"Pro kr\u00e1sn\u011bj\u0161\u00ed domov","name":"Pro kr\u00e1sn\u011bj\u0161\u00ed domov","description":"Tradi\u010dn\u00ed rekonstrukce bytu jsou jist\u011b skv\u011bl\u00e9, ale o to v\u00edc, kdy\u017e se v\u00e1\u017en\u011b um\u00ed. Proto\u017ee um\u00edme porozum\u011bt va\u0161emu p\u0159\u00e1n\u00ed, a to u\u017e spoustu let, m\u016f\u017eete se na n\u00e1s spolehnout. Uvid\u00edte, \u017ee va\u0161e obydl\u00ed zm\u011bn\u00edme k nepozn\u00e1n\u00ed, jen n\u00e1m sta\u010d\u00ed d\u00e1t \u010das a r\u00e1zem budete m\u00edt z domu n\u011bco neskute\u010dn\u00e9ho. Na\u0161e &hellip; ","datePublished":"2025-02-24","dateModified":"2025-02-24","author":{"@type":"Person","@id":"https:\/\/www.tlor.cz\/author\/#Person","name":"tlor.cz\n","url":"https:\/\/www.tlor.cz\/author\/","identifier":1,"image":{"@type":"ImageObject","@id":"https:\/\/secure.gravatar.com\/avatar\/9bd672608a9ea50cfcb35956b7f63dacf48dece49eb907e6bdd72bedd9991f24?s=96&d=mm&r=g","url":"https:\/\/secure.gravatar.com\/avatar\/9bd672608a9ea50cfcb35956b7f63dacf48dece49eb907e6bdd72bedd9991f24?s=96&d=mm&r=g","height":96,"width":96}},"publisher":{"@type":"Organization","name":"tlor.cz","logo":{"@type":"ImageObject","@id":"\/logo.png","url":"\/logo.png","width":600,"height":60}},"url":"https:\/\/www.tlor.cz\/pro-krasnejsi-domov\/","wordCount":206,"articleBody":"Tradi\u010dn\u00ed rekonstrukce bytu jsou jist\u011b skv\u011bl\u00e9, ale o to v\u00edc, kdy\u017e se v\u00e1\u017en\u011b um\u00ed. Proto\u017ee um\u00edme porozum\u011bt va\u0161emu p\u0159\u00e1n\u00ed, a to u\u017e spoustu let, m\u016f\u017eete se na n\u00e1s spolehnout. Uvid\u00edte, \u017ee va\u0161e obydl\u00ed zm\u011bn\u00edme k nepozn\u00e1n\u00ed, jen n\u00e1m sta\u010d\u00ed d\u00e1t \u010das a r\u00e1zem budete m\u00edt z domu n\u011bco neskute\u010dn\u00e9ho. Na\u0161e z\u00e1sahy se hod\u00ed pro v\u0161echny ty, kte\u0159\u00ed cht\u011bj\u00ed m\u00edt kone\u010dn\u011b zm\u011bnu v tom, jak vypad\u00e1 jejich d\u016fm, a cht\u011bj\u00ed za\u010d\u00edt stav\u011bt na n\u011b\u010dem nov\u00e9m. Proto nez\u00e1le\u017e\u00ed, zdali chcete opravit koupelnu, nebo cel\u00fd byt.Sta\u010d\u00ed n\u00e1s kontaktovatM\u00e1me pro v\u0161echny v\u017edy n\u011bco nav\u00edc, proto\u017ee mimo standardn\u00ed kvality od n\u00e1s uvid\u00edte tak\u00e9 v\u00edce jak spolehlivou pr\u00e1ci, kter\u00e1 bude kr\u00e1sn\u011b plynout po celou dobu oprav. Co v\u00edc si p\u0159\u00e1t, ne\u017e m\u00edt po chvilce d\u016fm jako nov\u00fd a moct v n\u011bm zase za\u010d\u00edt hospoda\u0159it? My v\u00edme, \u017ee na\u0161e rekonstrukce byt\u016f Praha jsou v\u017edy \u00fa\u010dinn\u00e9, a proto jich nev\u00e1hejte vyu\u017e\u00edt.                                                                                                                                                                                                                                                                                                                                                                                                "},{"@context":"https:\/\/schema.org\/","@type":"BreadcrumbList","itemListElement":[{"@type":"ListItem","position":1,"name":"Pro kr\u00e1sn\u011bj\u0161\u00ed domov","item":"https:\/\/www.tlor.cz\/pro-krasnejsi-domov\/#breadcrumbitem"}]}]