[{"@context":"https:\/\/schema.org\/","@type":"Article","@id":"https:\/\/www.tlor.cz\/zmahaji-vas-letni-vedra-a-nemate-moznost-byt-v-klimatizovanem-prostredi-co-s-tim\/#Article","mainEntityOfPage":"https:\/\/www.tlor.cz\/zmahaji-vas-letni-vedra-a-nemate-moznost-byt-v-klimatizovanem-prostredi-co-s-tim\/","headline":"Zm\u00e1haj\u00ed V\u00e1s letn\u00ed vedra a nem\u00e1te mo\u017enost b\u00fdt v klimatizovan\u00e9m prost\u0159ed\u00ed? Co s t\u00edm?","name":"Zm\u00e1haj\u00ed V\u00e1s letn\u00ed vedra a nem\u00e1te mo\u017enost b\u00fdt v klimatizovan\u00e9m prost\u0159ed\u00ed? Co s t\u00edm?","description":"Nejv\u011bt\u0161\u00edm probl\u00e9mem v\u00a0obdob\u00ed letn\u00edch veder b\u00fdv\u00e1 kvalitn\u00ed sp\u00e1nek. Jestli\u017ee \u010dlov\u011bk dok\u00e1\u017ee ni\u010d\u00edm neru\u0161en\u00fdm a p\u0159\u00edjemn\u00fdm sp\u00e1nkem nabrat sil, zregenerovat se po n\u00e1ro\u010dn\u00e9m dnu, pak dok\u00e1\u017ee \u010delit pekeln\u00e9mu \u017e\u00e1ru mnohem sn\u00e1z. Zkr\u00e1tka, p\u0159es den se \u00famorn\u00e9mu horku dok\u00e1\u017eete l\u00e9pe p\u0159izp\u016fsobit, zato v\u00a0noci se v\u00a0takov\u00e9m ovzdu\u0161\u00ed v\u00a0podstat\u011b nevysp\u00edte. Velice \u00fa\u010dinn\u00fdm, rychl\u00fdm a &hellip; ","datePublished":"2025-03-01","dateModified":"2023-05-04","author":{"@type":"Person","@id":"https:\/\/www.tlor.cz\/author\/#Person","name":"tlor.cz\n","url":"https:\/\/www.tlor.cz\/author\/","identifier":1,"image":{"@type":"ImageObject","@id":"https:\/\/secure.gravatar.com\/avatar\/9bd672608a9ea50cfcb35956b7f63dacf48dece49eb907e6bdd72bedd9991f24?s=96&d=mm&r=g","url":"https:\/\/secure.gravatar.com\/avatar\/9bd672608a9ea50cfcb35956b7f63dacf48dece49eb907e6bdd72bedd9991f24?s=96&d=mm&r=g","height":96,"width":96}},"publisher":{"@type":"Organization","name":"tlor.cz","logo":{"@type":"ImageObject","@id":"\/logo.png","url":"\/logo.png","width":600,"height":60}},"image":{"@type":"ImageObject","@id":"https:\/\/www.tlor.cz\/wp-content\/uploads\/img_a306457_w2197_t1517777810.jpg","url":"https:\/\/www.tlor.cz\/wp-content\/uploads\/img_a306457_w2197_t1517777810.jpg","height":0,"width":0},"url":"https:\/\/www.tlor.cz\/zmahaji-vas-letni-vedra-a-nemate-moznost-byt-v-klimatizovanem-prostredi-co-s-tim\/","about":["Elektro"],"wordCount":392,"articleBody":"\tNejv\u011bt\u0161\u00edm probl\u00e9mem v\u00a0obdob\u00ed letn\u00edch veder b\u00fdv\u00e1 kvalitn\u00ed sp\u00e1nek. Jestli\u017ee \u010dlov\u011bk dok\u00e1\u017ee ni\u010d\u00edm neru\u0161en\u00fdm a p\u0159\u00edjemn\u00fdm sp\u00e1nkem nabrat sil, zregenerovat se po n\u00e1ro\u010dn\u00e9m dnu, pak dok\u00e1\u017ee \u010delit pekeln\u00e9mu \u017e\u00e1ru mnohem sn\u00e1z. Zkr\u00e1tka, p\u0159es den se \u00famorn\u00e9mu horku dok\u00e1\u017eete l\u00e9pe p\u0159izp\u016fsobit, zato v\u00a0noci se v\u00a0takov\u00e9m ovzdu\u0161\u00ed v\u00a0podstat\u011b nevysp\u00edte.\tVelice \u00fa\u010dinn\u00fdm, rychl\u00fdm a snadn\u00fdm \u0159e\u0161en\u00edm takov\u00e9to situace jsou p\u0159em\u00edstiteln\u00e9 klimatiza\u010dn\u00ed jednotky. M\u016f\u017eete si je p\u0159edstavit jako tepeln\u00fd v\u00fdm\u011bn\u00edk na kole\u010dk\u00e1ch, odkud je plastovou ohebnou hadic\u00ed odv\u00e1d\u011bn tepl\u00fd vzduch z\u00a0m\u00edstnosti, obvykle oknem. Mobiln\u00ed klimatizace jsou vhodn\u00e9 v\u0161ude tam, kde nen\u00ed mo\u017en\u00e9 splitovou klimatiza\u010dn\u00ed jednotku namontovat z\u00a0nejr\u016fzn\u011bj\u0161\u00edch d\u016fvod\u016f (v pronajat\u00fdch domech a bytech, v\u00a0prostor\u00e1ch, kde to neumo\u017e\u0148uje konstrukce staveb apod.) Mobiln\u00ed klimatizace jsou dostupn\u00e9 i cenov\u011b a lze je po\u0159\u00eddit obvykle z\u00a0jedn\u00e9 v\u00fdplaty, nebo platbu rozd\u011blit na n\u011bkolik spl\u00e1tek.\tInstalaci mobiln\u00ed klimatizace zvl\u00e1dne ka\u017ed\u00fd\tMobiln\u00ed klimatizace dok\u00e1\u017eou m\u00edstnost efektivn\u011b ochladit b\u011bhem kr\u00e1tk\u00e9 doby a mohou naopak i v\u00a0zimn\u00edm obdob\u00ed fungovat jako topen\u00ed. Nevy\u017eaduj\u00ed odbornou mont\u00e1\u017e ani stavebn\u00ed z\u00e1sah v\u00a0byt\u011b, snadno je na kole\u010dk\u00e1ch p\u0159em\u00edst\u00edte, kam je t\u0159eba, pouze mus\u00edte promyslet, kudy se bude hork\u00fd vzduch z\u00a0m\u00edstnosti odv\u00e1d\u011bt. Zpravidla to b\u00fdv\u00e1 v\u00fdfukovou li\u0161tou v okn\u011b, n\u011bkdy se k\u00a0t\u011bmto \u00fa\u010del\u016fm hod\u00ed kom\u00ednov\u00fd pr\u016fduch, nebo upraven\u00fd v\u00fdvod z\u00a0digesto\u0159e. V\u0161echny mobiln\u00ed klimatizace maj\u00ed k\u00a0dispozici \u010dasova\u010d, d\u00e1lkov\u00e9 ovl\u00e1d\u00e1n\u00ed a nastaven\u00ed no\u010dn\u00edho tich\u00e9ho re\u017eimu. V\u00fdkon takov\u00fdch jednotek b\u00fdv\u00e1 v\u00a0rozmez\u00ed od 2,5 do 3,5 kW a ochlad\u00edte s\u00a0nimi prostory a\u017e do plochy 100 m2.\tNa trhu je dnes n\u011bkolik v\u00fdrobc\u016f mobiln\u00edch klimatizac\u00ed, nap\u0159. Guzzanti, Sencor, DeLonghi, Ronson, Trotec, Clatronic a dal\u0161\u00ed. Doporu\u010dujeme p\u0159ed n\u00e1kupem samotn\u00fdm prostudovat r\u016fzn\u00e9 recenze a vyvarovat se slabin, kter\u00e9 jsou schopni z\u00e1kazn\u00edci na z\u00e1klad\u011b sv\u00fdch zku\u0161enost\u00ed popsat.                                                                                                                                                                                                                                                                                                                                                                                        4.4\/5 - (10 votes)        "},{"@context":"https:\/\/schema.org\/","@type":"BreadcrumbList","itemListElement":[{"@type":"ListItem","position":1,"name":"Zm\u00e1haj\u00ed V\u00e1s letn\u00ed vedra a nem\u00e1te mo\u017enost b\u00fdt v klimatizovan\u00e9m prost\u0159ed\u00ed? Co s t\u00edm?","item":"https:\/\/www.tlor.cz\/zmahaji-vas-letni-vedra-a-nemate-moznost-byt-v-klimatizovanem-prostredi-co-s-tim\/#breadcrumbitem"}]}]